{"id":3926,"date":"2024-10-02T12:00:00","date_gmt":"2024-10-02T10:00:00","guid":{"rendered":"https:\/\/www.ramatsdefoc.org\/continuem-treballant-a-prades\/"},"modified":"2024-12-17T14:06:01","modified_gmt":"2024-12-17T12:06:01","slug":"continuamos-trabajando-en-prades","status":"publish","type":"post","link":"https:\/\/www.ramatsdefoc.org\/es\/continuamos-trabajando-en-prades\/","title":{"rendered":"Continuamos trabajando en Prades"},"content":{"rendered":"\n<p>Estos d\u00edas estamos hablando con ganaderos y ganaderas de Prades para unificar la silvopastura en las zonas de actuaci\u00f3n del proyecto <a href=\"https:\/\/www.paucostafoundation.org\/proyectos\/rumiar\/\">Rumiar<\/a> para conseguir mejorar la prevenci\u00f3n del riesgo de incendios forestales en las monta\u00f1as de Prades.<\/p>\n","protected":false},"excerpt":{"rendered":"<p>Estos d\u00edas estamos hablando con ganaderos y ganaderas de Prades para unificar la silvopastura en las zonas de actuaci\u00f3n del proyecto Rumiar para conseguir mejorar la prevenci\u00f3n del riesgo de incendios forestales en las monta\u00f1as &#8230; <a title=\"Continuamos trabajando en Prades\" class=\"read-more\" href=\"https:\/\/www.ramatsdefoc.org\/es\/continuamos-trabajando-en-prades\/\" aria-label=\"Leer m\u00e1s sobre Continuamos trabajando en Prades\">Llegir m\u00e9s<\/a><\/p>\n","protected":false},"author":5,"featured_media":3924,"comment_status":"closed","ping_status":"closed","sticky":false,"template":"","format":"standard","meta":{"_acf_changed":false,"footnotes":""},"categories":[176],"tags":[],"class_list":["post-3926","post","type-post","status-publish","format-standard","has-post-thumbnail","hentry","category-diari-es","generate-columns","tablet-grid-50","mobile-grid-100","grid-parent","grid-33","resize-featured-image"],"acf":[],"_links":{"self":[{"href":"https:\/\/www.ramatsdefoc.org\/es\/wp-json\/wp\/v2\/posts\/3926","targetHints":{"allow":["GET"]}}],"collection":[{"href":"https:\/\/www.ramatsdefoc.org\/es\/wp-json\/wp\/v2\/posts"}],"about":[{"href":"https:\/\/www.ramatsdefoc.org\/es\/wp-json\/wp\/v2\/types\/post"}],"author":[{"embeddable":true,"href":"https:\/\/www.ramatsdefoc.org\/es\/wp-json\/wp\/v2\/users\/5"}],"replies":[{"embeddable":true,"href":"https:\/\/www.ramatsdefoc.org\/es\/wp-json\/wp\/v2\/comments?post=3926"}],"version-history":[{"count":2,"href":"https:\/\/www.ramatsdefoc.org\/es\/wp-json\/wp\/v2\/posts\/3926\/revisions"}],"predecessor-version":[{"id":3929,"href":"https:\/\/www.ramatsdefoc.org\/es\/wp-json\/wp\/v2\/posts\/3926\/revisions\/3929"}],"wp:featuredmedia":[{"embeddable":true,"href":"https:\/\/www.ramatsdefoc.org\/es\/wp-json\/wp\/v2\/media\/3924"}],"wp:attachment":[{"href":"https:\/\/www.ramatsdefoc.org\/es\/wp-json\/wp\/v2\/media?parent=3926"}],"wp:term":[{"taxonomy":"category","embeddable":true,"href":"https:\/\/www.ramatsdefoc.org\/es\/wp-json\/wp\/v2\/categories?post=3926"},{"taxonomy":"post_tag","embeddable":true,"href":"https:\/\/www.ramatsdefoc.org\/es\/wp-json\/wp\/v2\/tags?post=3926"}],"curies":[{"name":"wp","href":"https:\/\/api.w.org\/{rel}","templated":true}]}}