{"id":3902,"date":"2024-09-20T12:32:00","date_gmt":"2024-09-20T10:32:00","guid":{"rendered":"https:\/\/www.ramatsdefoc.org\/participem-a-camins-de-vida\/"},"modified":"2024-12-17T13:34:20","modified_gmt":"2024-12-17T11:34:20","slug":"participamos-en-camins-de-vida","status":"publish","type":"post","link":"https:\/\/www.ramatsdefoc.org\/es\/participamos-en-camins-de-vida\/","title":{"rendered":"Participamos en Camins de Vida"},"content":{"rendered":"\n<p>Un a\u00f1o m\u00e1s, Dani Giraldo, pastor de <em>Ramats de Foc<\/em> recorre el <em>Cam\u00ed de Marina<\/em>. Este a\u00f1o, como novedad, Dani ha dado una charla a los alumnos del IE Barnola de Aviny\u00f3 a los que ha explicado la importancia de la ganader\u00eda extensiva en la gesti\u00f3n del riesgo de incendios forestales.<\/p>\n","protected":false},"excerpt":{"rendered":"<p>Un a\u00f1o m\u00e1s, Dani Giraldo, pastor de Ramats de Foc recorre el Cam\u00ed de Marina. Este a\u00f1o, como novedad, Dani ha dado una charla a los alumnos del IE Barnola de Aviny\u00f3 a los que &#8230; <a title=\"Participamos en Camins de Vida\" class=\"read-more\" href=\"https:\/\/www.ramatsdefoc.org\/es\/participamos-en-camins-de-vida\/\" aria-label=\"Leer m\u00e1s sobre Participamos en Camins de Vida\">Llegir m\u00e9s<\/a><\/p>\n","protected":false},"author":5,"featured_media":3899,"comment_status":"closed","ping_status":"closed","sticky":false,"template":"","format":"standard","meta":{"_acf_changed":false,"footnotes":""},"categories":[176],"tags":[],"class_list":["post-3902","post","type-post","status-publish","format-standard","has-post-thumbnail","hentry","category-diari-es","generate-columns","tablet-grid-50","mobile-grid-100","grid-parent","grid-33","resize-featured-image"],"acf":[],"_links":{"self":[{"href":"https:\/\/www.ramatsdefoc.org\/es\/wp-json\/wp\/v2\/posts\/3902","targetHints":{"allow":["GET"]}}],"collection":[{"href":"https:\/\/www.ramatsdefoc.org\/es\/wp-json\/wp\/v2\/posts"}],"about":[{"href":"https:\/\/www.ramatsdefoc.org\/es\/wp-json\/wp\/v2\/types\/post"}],"author":[{"embeddable":true,"href":"https:\/\/www.ramatsdefoc.org\/es\/wp-json\/wp\/v2\/users\/5"}],"replies":[{"embeddable":true,"href":"https:\/\/www.ramatsdefoc.org\/es\/wp-json\/wp\/v2\/comments?post=3902"}],"version-history":[{"count":1,"href":"https:\/\/www.ramatsdefoc.org\/es\/wp-json\/wp\/v2\/posts\/3902\/revisions"}],"predecessor-version":[{"id":3904,"href":"https:\/\/www.ramatsdefoc.org\/es\/wp-json\/wp\/v2\/posts\/3902\/revisions\/3904"}],"wp:featuredmedia":[{"embeddable":true,"href":"https:\/\/www.ramatsdefoc.org\/es\/wp-json\/wp\/v2\/media\/3899"}],"wp:attachment":[{"href":"https:\/\/www.ramatsdefoc.org\/es\/wp-json\/wp\/v2\/media?parent=3902"}],"wp:term":[{"taxonomy":"category","embeddable":true,"href":"https:\/\/www.ramatsdefoc.org\/es\/wp-json\/wp\/v2\/categories?post=3902"},{"taxonomy":"post_tag","embeddable":true,"href":"https:\/\/www.ramatsdefoc.org\/es\/wp-json\/wp\/v2\/tags?post=3902"}],"curies":[{"name":"wp","href":"https:\/\/api.w.org\/{rel}","templated":true}]}}