{"id":3834,"date":"2024-07-17T12:38:55","date_gmt":"2024-07-17T10:38:55","guid":{"rendered":"https:\/\/www.ramatsdefoc.org\/?p=3834"},"modified":"2024-08-20T08:55:56","modified_gmt":"2024-08-20T06:55:56","slug":"presentacion-programa-pago-por-servicios-ecosistemicos-a-la-ganaderia-extensiva","status":"publish","type":"post","link":"https:\/\/www.ramatsdefoc.org\/es\/presentacion-programa-pago-por-servicios-ecosistemicos-a-la-ganaderia-extensiva\/","title":{"rendered":"Presentaci\u00f3n programa Pago por Servicios Ecosist\u00e9micos a la Ganader\u00eda Extensiva"},"content":{"rendered":"\n<p>Presentamos este programa a los ganaderos y ganaderas de RdF, en el cual estamos trabajando junto con el CTFC y el DACC. Fue un encuentro <em>online <\/em>en el que los participantes pudieron exponer sus dudas y aportaciones referentes a este nuevo pago.<\/p>\n","protected":false},"excerpt":{"rendered":"<p>Presentamos este programa a los ganaderos y ganaderas de RdF, en el cual estamos trabajando junto con el CTFC y el DACC. Fue un encuentro online en el que los participantes pudieron exponer sus dudas &#8230; <a title=\"Presentaci\u00f3n programa Pago por Servicios Ecosist\u00e9micos a la Ganader\u00eda Extensiva\" class=\"read-more\" href=\"https:\/\/www.ramatsdefoc.org\/es\/presentacion-programa-pago-por-servicios-ecosistemicos-a-la-ganaderia-extensiva\/\" aria-label=\"Leer m\u00e1s sobre Presentaci\u00f3n programa Pago por Servicios Ecosist\u00e9micos a la Ganader\u00eda Extensiva\">Llegir m\u00e9s<\/a><\/p>\n","protected":false},"author":5,"featured_media":3795,"comment_status":"closed","ping_status":"closed","sticky":false,"template":"","format":"standard","meta":{"_acf_changed":false,"footnotes":""},"categories":[176],"tags":[],"class_list":["post-3834","post","type-post","status-publish","format-standard","has-post-thumbnail","hentry","category-diari-es","generate-columns","tablet-grid-50","mobile-grid-100","grid-parent","grid-33","resize-featured-image"],"acf":[],"_links":{"self":[{"href":"https:\/\/www.ramatsdefoc.org\/es\/wp-json\/wp\/v2\/posts\/3834","targetHints":{"allow":["GET"]}}],"collection":[{"href":"https:\/\/www.ramatsdefoc.org\/es\/wp-json\/wp\/v2\/posts"}],"about":[{"href":"https:\/\/www.ramatsdefoc.org\/es\/wp-json\/wp\/v2\/types\/post"}],"author":[{"embeddable":true,"href":"https:\/\/www.ramatsdefoc.org\/es\/wp-json\/wp\/v2\/users\/5"}],"replies":[{"embeddable":true,"href":"https:\/\/www.ramatsdefoc.org\/es\/wp-json\/wp\/v2\/comments?post=3834"}],"version-history":[{"count":1,"href":"https:\/\/www.ramatsdefoc.org\/es\/wp-json\/wp\/v2\/posts\/3834\/revisions"}],"predecessor-version":[{"id":3835,"href":"https:\/\/www.ramatsdefoc.org\/es\/wp-json\/wp\/v2\/posts\/3834\/revisions\/3835"}],"wp:featuredmedia":[{"embeddable":true,"href":"https:\/\/www.ramatsdefoc.org\/es\/wp-json\/wp\/v2\/media\/3795"}],"wp:attachment":[{"href":"https:\/\/www.ramatsdefoc.org\/es\/wp-json\/wp\/v2\/media?parent=3834"}],"wp:term":[{"taxonomy":"category","embeddable":true,"href":"https:\/\/www.ramatsdefoc.org\/es\/wp-json\/wp\/v2\/categories?post=3834"},{"taxonomy":"post_tag","embeddable":true,"href":"https:\/\/www.ramatsdefoc.org\/es\/wp-json\/wp\/v2\/tags?post=3834"}],"curies":[{"name":"wp","href":"https:\/\/api.w.org\/{rel}","templated":true}]}}