{"id":3522,"date":"2024-06-21T14:56:29","date_gmt":"2024-06-21T12:56:29","guid":{"rendered":"https:\/\/www.ramatsdefoc.org\/ramats-de-foc-arriba-al-montnegre-corredor-gracies-a-lajuda-de-caixabank\/"},"modified":"2024-06-26T14:38:03","modified_gmt":"2024-06-26T12:38:03","slug":"ramats-de-foc-arriba-al-montnegre-corredor-gracies-a-lajuda-de-caixabank","status":"publish","type":"post","link":"https:\/\/www.ramatsdefoc.org\/es\/ramats-de-foc-arriba-al-montnegre-corredor-gracies-a-lajuda-de-caixabank\/","title":{"rendered":"Reba\u00f1os de Fuego llega al Montnegre-Corredor gracias a la ayuda de CaixaBank"},"content":{"rendered":"\n<p>El proyecto Reba\u00f1os de Fuego fue reconocido con uno de los premios de la convocatoria medio ambiente 2023 de CaixaBank, con los que la entidad apoya proyectos encaminados a la mejora del patrimonio natural.<\/p>\n\n\n\n<p>La financiaci\u00f3n recibida ha permitido implementar con \u00e9xito el proyecto en el parque natural del Montnegre-Corredor y de esta forma contribuir a reducir el riesgo de incendio forestal, fomentar la biodiversidad e impulsar la venta de productos de los ganaderos locales.<\/p>\n\n\n\n<p>Concretamente, 10 ganaderos del parque natural y vinculados con la asociaci\u00f3n de propietarios del Montnegre se han adherido a Reba\u00f1os de Fuego. Gracias a sus reba\u00f1os se ha logrado reducir el combustible forestal en m\u00e1s de 500 hect\u00e1reas estrat\u00e9gicas previniendo as\u00ed el riesgo de incendio forestal en este espacio protegido.<\/p>\n\n\n\n<p>Tambi\u00e9n se ha reforzado el valor de los productos ganaderos, etiquet\u00e1ndolos con el sello de Reba\u00f1os de Fuego, y se han dise\u00f1ado tarjetones informativos para distribuirlos en diferentes comercios locales y as\u00ed dar a conocer las tareas del proyecto y fomentar el consumo de proximidad.<\/p>\n\n\n\n<div class=\"wp-block-columns is-layout-flex wp-container-core-columns-is-layout-9d6595d7 wp-block-columns-is-layout-flex\">\n<div class=\"wp-block-column is-layout-flow wp-block-column-is-layout-flow\">\n<figure class=\"wp-block-image size-full\"><img decoding=\"async\" width=\"1280\" height=\"720\" data-src=\"https:\/\/www.ramatsdefoc.org\/wp-content\/uploads\/2024\/06\/4cabres_1280x720.jpg\" alt=\"\" class=\"wp-image-3507 lazyload\" data-srcset=\"https:\/\/www.ramatsdefoc.org\/wp-content\/uploads\/2024\/06\/4cabres_1280x720.jpg 1280w, https:\/\/www.ramatsdefoc.org\/wp-content\/uploads\/2024\/06\/4cabres_1280x720-300x169.jpg 300w, https:\/\/www.ramatsdefoc.org\/wp-content\/uploads\/2024\/06\/4cabres_1280x720-1024x576.jpg 1024w, https:\/\/www.ramatsdefoc.org\/wp-content\/uploads\/2024\/06\/4cabres_1280x720-768x432.jpg 768w\" data-sizes=\"(max-width: 1280px) 100vw, 1280px\" src=\"data:image\/svg+xml;base64,PHN2ZyB3aWR0aD0iMSIgaGVpZ2h0PSIxIiB4bWxucz0iaHR0cDovL3d3dy53My5vcmcvMjAwMC9zdmciPjwvc3ZnPg==\" style=\"--smush-placeholder-width: 1280px; --smush-placeholder-aspect-ratio: 1280\/720;\" \/><figcaption class=\"wp-element-caption\">Ivan Tripiana, proyecto \u00abSom Quatre Cabres\u00bb (Sant Celoni)<\/figcaption><\/figure>\n<\/div>\n\n\n\n<div class=\"wp-block-column is-layout-flow wp-block-column-is-layout-flow\">\n<figure class=\"wp-block-image size-large\"><img decoding=\"async\" width=\"1024\" height=\"576\" data-src=\"https:\/\/www.ramatsdefoc.org\/wp-content\/uploads\/2024\/06\/CarmePlana_1280x720-1024x576.jpg\" alt=\"\" class=\"wp-image-3510 lazyload\" data-srcset=\"https:\/\/www.ramatsdefoc.org\/wp-content\/uploads\/2024\/06\/CarmePlana_1280x720-1024x576.jpg 1024w, https:\/\/www.ramatsdefoc.org\/wp-content\/uploads\/2024\/06\/CarmePlana_1280x720-300x169.jpg 300w, https:\/\/www.ramatsdefoc.org\/wp-content\/uploads\/2024\/06\/CarmePlana_1280x720-768x432.jpg 768w, https:\/\/www.ramatsdefoc.org\/wp-content\/uploads\/2024\/06\/CarmePlana_1280x720.jpg 1280w\" data-sizes=\"(max-width: 1024px) 100vw, 1024px\" src=\"data:image\/svg+xml;base64,PHN2ZyB3aWR0aD0iMSIgaGVpZ2h0PSIxIiB4bWxucz0iaHR0cDovL3d3dy53My5vcmcvMjAwMC9zdmciPjwvc3ZnPg==\" style=\"--smush-placeholder-width: 1024px; --smush-placeholder-aspect-ratio: 1024\/576;\" \/><figcaption class=\"wp-element-caption\">Carme Plana, ganadera en Vallgorguina.<\/figcaption><\/figure>\n<\/div>\n<\/div>\n\n\n\n<h3 class=\"wp-block-heading\">Sensibilizaci\u00f3n para la prevenci\u00f3n de incendios forestales<\/h3>\n\n\n\n<p>La ayuda tambi\u00e9n ha permitido la organizaci\u00f3n de jornadas de voluntariado y sensibilizaci\u00f3n a nivel local.<\/p>\n\n\n\n<p>Los alumnos de la <a href=\"http:\/\/www.quintanes.com\/\"><strong>escuela agraria forestal Quintanes<\/strong><\/a> han realizado un voluntariado para apoyar las explotaciones ganaderas de la zona, realizando trabajos de aclareo y desbroce para facilitar el pasto en terrenos vinculados al proyecto.<\/p>\n\n\n\n<p>Mientras que en la escuela municipal de Vallgorguina, dentro del parque natural del Montnegre Corredor, los alumnos de primaria han asistido a un taller <strong><a href=\"https:\/\/www.paucostafoundation.org\/ca\/proyectos\/mefitu\/\">MeFiTu<\/a><\/strong> impartido por miembros del \u00e1rea de educaci\u00f3n de la <strong>Fundaci\u00f3n Pau Costa<\/strong>.<\/p>\n\n\n\n<div class=\"wp-block-columns is-layout-flex wp-container-core-columns-is-layout-9d6595d7 wp-block-columns-is-layout-flex\">\n<div class=\"wp-block-column is-layout-flow wp-block-column-is-layout-flow\">\n<figure class=\"wp-block-image size-large\"><img decoding=\"async\" width=\"1024\" height=\"576\" data-src=\"https:\/\/www.ramatsdefoc.org\/wp-content\/uploads\/2024\/06\/Mefitu_1280x720-1024x576.jpg\" alt=\"\" class=\"wp-image-3513 lazyload\" data-srcset=\"https:\/\/www.ramatsdefoc.org\/wp-content\/uploads\/2024\/06\/Mefitu_1280x720-1024x576.jpg 1024w, https:\/\/www.ramatsdefoc.org\/wp-content\/uploads\/2024\/06\/Mefitu_1280x720-300x169.jpg 300w, https:\/\/www.ramatsdefoc.org\/wp-content\/uploads\/2024\/06\/Mefitu_1280x720-768x432.jpg 768w, https:\/\/www.ramatsdefoc.org\/wp-content\/uploads\/2024\/06\/Mefitu_1280x720.jpg 1280w\" data-sizes=\"(max-width: 1024px) 100vw, 1024px\" src=\"data:image\/svg+xml;base64,PHN2ZyB3aWR0aD0iMSIgaGVpZ2h0PSIxIiB4bWxucz0iaHR0cDovL3d3dy53My5vcmcvMjAwMC9zdmciPjwvc3ZnPg==\" style=\"--smush-placeholder-width: 1024px; --smush-placeholder-aspect-ratio: 1024\/576;\" \/><\/figure>\n<\/div>\n\n\n\n<div class=\"wp-block-column is-layout-flow wp-block-column-is-layout-flow\">\n<figure class=\"wp-block-image size-large is-resized\"><img decoding=\"async\" width=\"1024\" height=\"765\" data-src=\"https:\/\/www.ramatsdefoc.org\/wp-content\/uploads\/2024\/05\/vallgorguina-1024x765.jpg\" alt=\"\" class=\"wp-image-3236 lazyload\" style=\"--smush-placeholder-width: 1024px; --smush-placeholder-aspect-ratio: 1024\/765;width:367px;height:auto\" data-srcset=\"https:\/\/www.ramatsdefoc.org\/wp-content\/uploads\/2024\/05\/vallgorguina-1024x765.jpg 1024w, https:\/\/www.ramatsdefoc.org\/wp-content\/uploads\/2024\/05\/vallgorguina-300x224.jpg 300w, https:\/\/www.ramatsdefoc.org\/wp-content\/uploads\/2024\/05\/vallgorguina-768x574.jpg 768w, https:\/\/www.ramatsdefoc.org\/wp-content\/uploads\/2024\/05\/vallgorguina-1536x1148.jpg 1536w, https:\/\/www.ramatsdefoc.org\/wp-content\/uploads\/2024\/05\/vallgorguina.jpg 1600w\" data-sizes=\"(max-width: 1024px) 100vw, 1024px\" src=\"data:image\/svg+xml;base64,PHN2ZyB3aWR0aD0iMSIgaGVpZ2h0PSIxIiB4bWxucz0iaHR0cDovL3d3dy53My5vcmcvMjAwMC9zdmciPjwvc3ZnPg==\" \/><\/figure>\n<\/div>\n<\/div>\n\n\n\n<p>El taller ha permitido sensibilizar a los alumnos sobre los incendios forestales y conocer la importancia de la gesti\u00f3n del paisaje para prevenir los incendios. Adem\u00e1s, los ni\u00f1os tambi\u00e9n han tenido la oportunidad de visitar la <strong><a href=\"https:\/\/granjacanplana.com\/\">Granja de Can Plana<\/a><\/strong>, una explotaci\u00f3n ganadera local donde han tomado conciencia del valor de la ganader\u00eda extensiva y del consumo de proximidad.<\/p>\n\n\n\n<p>Por \u00faltimo, destacar que la colaboraci\u00f3n de los ganaderos locales y la participaci\u00f3n de la poblaci\u00f3n local junto con la ayuda de CaixaBank ha sido esencial para implementar Reba\u00f1os de Fuego en la zona del Montnegre-Corredor.<\/p>\n","protected":false},"excerpt":{"rendered":"<p>El proyecto Reba\u00f1os de Fuego fue reconocido con uno de los premios de la convocatoria medio ambiente 2023 de CaixaBank, con los que la entidad apoya proyectos encaminados a la mejora del patrimonio natural. La &#8230; <a title=\"Reba\u00f1os de Fuego llega al Montnegre-Corredor gracias a la ayuda de CaixaBank\" class=\"read-more\" href=\"https:\/\/www.ramatsdefoc.org\/es\/ramats-de-foc-arriba-al-montnegre-corredor-gracies-a-lajuda-de-caixabank\/\" aria-label=\"Leer m\u00e1s sobre Reba\u00f1os de Fuego llega al Montnegre-Corredor gracias a la ayuda de CaixaBank\">Llegir m\u00e9s<\/a><\/p>\n","protected":false},"author":5,"featured_media":3505,"comment_status":"closed","ping_status":"closed","sticky":false,"template":"","format":"standard","meta":{"_acf_changed":false,"footnotes":""},"categories":[144],"tags":[],"class_list":["post-3522","post","type-post","status-publish","format-standard","has-post-thumbnail","hentry","category-noticias","generate-columns","tablet-grid-50","mobile-grid-100","grid-parent","grid-33","resize-featured-image"],"acf":[],"_links":{"self":[{"href":"https:\/\/www.ramatsdefoc.org\/es\/wp-json\/wp\/v2\/posts\/3522","targetHints":{"allow":["GET"]}}],"collection":[{"href":"https:\/\/www.ramatsdefoc.org\/es\/wp-json\/wp\/v2\/posts"}],"about":[{"href":"https:\/\/www.ramatsdefoc.org\/es\/wp-json\/wp\/v2\/types\/post"}],"author":[{"embeddable":true,"href":"https:\/\/www.ramatsdefoc.org\/es\/wp-json\/wp\/v2\/users\/5"}],"replies":[{"embeddable":true,"href":"https:\/\/www.ramatsdefoc.org\/es\/wp-json\/wp\/v2\/comments?post=3522"}],"version-history":[{"count":3,"href":"https:\/\/www.ramatsdefoc.org\/es\/wp-json\/wp\/v2\/posts\/3522\/revisions"}],"predecessor-version":[{"id":3528,"href":"https:\/\/www.ramatsdefoc.org\/es\/wp-json\/wp\/v2\/posts\/3522\/revisions\/3528"}],"wp:featuredmedia":[{"embeddable":true,"href":"https:\/\/www.ramatsdefoc.org\/es\/wp-json\/wp\/v2\/media\/3505"}],"wp:attachment":[{"href":"https:\/\/www.ramatsdefoc.org\/es\/wp-json\/wp\/v2\/media?parent=3522"}],"wp:term":[{"taxonomy":"category","embeddable":true,"href":"https:\/\/www.ramatsdefoc.org\/es\/wp-json\/wp\/v2\/categories?post=3522"},{"taxonomy":"post_tag","embeddable":true,"href":"https:\/\/www.ramatsdefoc.org\/es\/wp-json\/wp\/v2\/tags?post=3522"}],"curies":[{"name":"wp","href":"https:\/\/api.w.org\/{rel}","templated":true}]}}