{"id":3312,"date":"2024-03-05T16:28:37","date_gmt":"2024-03-05T14:28:37","guid":{"rendered":"https:\/\/www.ramatsdefoc.org\/prepast-un-projecte-per-a-fomentar-la-ramaderia-extensiva-al-prepirineu\/"},"modified":"2024-06-18T14:21:27","modified_gmt":"2024-06-18T12:21:27","slug":"prepast-un-projecte-per-a-fomentar-la-ramaderia-extensiva-al-prepirineu","status":"publish","type":"post","link":"https:\/\/www.ramatsdefoc.org\/es\/prepast-un-projecte-per-a-fomentar-la-ramaderia-extensiva-al-prepirineu\/","title":{"rendered":"PREPAST, un proyecto para fomentar la ganader\u00eda extensiva en el PrePirineo"},"content":{"rendered":"\n<p>El pasado 1 de marzo, el proyecto PREPAST celebr\u00f3 en \u00c0ger (L\u00e9rida) su reuni\u00f3n de lanzamiento a la que asistieron la <a href=\"https:\/\/lasabina.cat\/\">Associaci\u00f3 La Sabina<\/a>, entidad promotora, y el <a href=\"https:\/\/www.ager.cat\/\">ayuntamiento de \u00c0ger<\/a> (L\u00e9rida), el <a href=\"https:\/\/www.ctfc.cat\/?lang=en\">Centro de Ci\u00e9ncia y Tecnolog\u00eda Forestal de Catalu\u00f1a (CTFC)<\/a> y la <a href=\"http:\/\/www.paucostafoundation.org\">Fundaci\u00f3n Pau Costa (FPC)<\/a>, socios del proyecto. Esta primera reuni\u00f3n sirvi\u00f3 para presentar a los socios, revisar el proyecto y planificar las principales acciones a realizar durante los pr\u00f3ximos meses..<\/p>\n\n\n\n<p>PREPAST tiene como objetivo principal recuperar el pastoreo extensivo para potenciar la bioeconom\u00eda, la transici\u00f3n ecol\u00f3gica, la adaptaci\u00f3n al cambio clim\u00e1tico y la lucha contra la despoblaci\u00f3n rural en una de las zonas m\u00e1s despobladas del NE peninsular, el PrePirineo de L\u00e9rida, concretamente, la Sierra del Montsec y de Boumort.<\/p>\n\n\n\n<p>En este marco, el proyecto trabajar\u00e1 en la priorizaci\u00f3n de zonas estrat\u00e9gicas donde promover la ganader\u00eda extensiva para la prevenci\u00f3n del riesgo de incendios, y adem\u00e1s mejorar\u00e1 la situaci\u00f3n de las aves carro\u00f1eras como el quebrantahuesos, dado que los reba\u00f1os suponen una importante fuente de alimentaci\u00f3n para ellas. El proyecto tambi\u00e9n prestar\u00e1 especial atenci\u00f3n a la reivindicaci\u00f3n social del oficio de pastor ya los servicios ecosist\u00e9micos derivados de las actividades de pastoreo como la gesti\u00f3n de los espacios forestales o los alimentos de calidad procedentes de los reba\u00f1os.<\/p>\n\n\n\n<p>El equipo de Reba\u00f1os de Fuego, con el objetivo de fomentar el pastoreo para gestionar el riesgo de incendio, trabajar\u00e1 en la recuperaci\u00f3n de infraestructuras ganaderas como corrales y bebederos, e impulsar\u00e1 la incorporaci\u00f3n de nuevos ganaderos en la zona del Montsec y Boumort.<\/p>\n\n\n\n<p>\u201cEs impactante la cantidad de corrales abandonados y espacios forestales sin gestionar que abundan en esta zona del PrePirineo. A trav\u00e9s de la experiencia de Reba\u00f1os de Fuego, queremos ayudar a dinamizar socioecon\u00f3micamente este territorio trabajando con los ganaderos locales, adem\u00e1s de contribuir a la prevenci\u00f3n de incendios generando con el ganado paisajes m\u00e1s resilientes al fuego\u201d comenta Merl\u00e8s Mart\u00ednez, t\u00e9cnica de Reba\u00f1os de Fuego.<\/p>\n\n\n\n<p>Mediante las acciones del proyecto PREPAST se espera generar un impacto positivo en el territorio contribuyendo a una mejora de la biodiversidad y del tejido socioecon\u00f3mico local. Fomentando la creaci\u00f3n de empleo durante el proyecto y una vez finalizado, contribuyendo a crear nuevas oportunidades para consolidar los ya existentes.<\/p>\n\n\n\n<p>\u201cEs muy importante conseguir que se establezcan proyectos de ganader\u00eda extensiva en el territorio, pero es esencial que puedan tener continuidad ya que muchos dejan de ser viables a largo plazo dado la carencia de recursos. Por eso desde PREPAST se trabajar\u00e1 en una visi\u00f3n que permita la continuidad\u201d afirma Merl\u00e8s Mart\u00ednez.<\/p>\n\n\n\n<p>PREPAST cuenta con el apoyo de la <a href=\"https:\/\/fundacion-biodiversidad.es\/\">Fundaci\u00f3n Biodiversidad<\/a> del <a href=\"https:\/\/www.miteco.gob.es\/ca.html\">Ministerio para la Transici\u00f3n Ecol\u00f3gica y el Reto Demogr\u00e1fico (MITECO)<\/a> en el marco del <a href=\"https:\/\/www.fondoseuropeos.hacienda.gob.es\/sitios\/dgpmrr\/ca-es\/paginas\/plan.aspx\">Plan de Recuperaci\u00f3n, Transformaci\u00f3n y Resiliencia<\/a> (PRTR), financiado por la <a href=\"https:\/\/next-generation-eu.europa.eu\/index_en\">Uni\u00f3n Europea \u2013 Next GenerationEU<\/a>.<\/p>\n\n\n\n<figure class=\"wp-block-image size-large\"><img decoding=\"async\" width=\"1024\" height=\"71\" data-src=\"https:\/\/www.ramatsdefoc.org\/wp-content\/uploads\/2024\/06\/VICE3MTERDFBPRTRNEXT_Bandera_Color-1536x106-1-1024x71.png\" alt=\"\" class=\"wp-image-3108 lazyload\" data-srcset=\"https:\/\/www.ramatsdefoc.org\/wp-content\/uploads\/2024\/06\/VICE3MTERDFBPRTRNEXT_Bandera_Color-1536x106-1-1024x71.png 1024w, https:\/\/www.ramatsdefoc.org\/wp-content\/uploads\/2024\/06\/VICE3MTERDFBPRTRNEXT_Bandera_Color-1536x106-1-300x21.png 300w, https:\/\/www.ramatsdefoc.org\/wp-content\/uploads\/2024\/06\/VICE3MTERDFBPRTRNEXT_Bandera_Color-1536x106-1-768x53.png 768w, https:\/\/www.ramatsdefoc.org\/wp-content\/uploads\/2024\/06\/VICE3MTERDFBPRTRNEXT_Bandera_Color-1536x106-1.png 1536w\" data-sizes=\"(max-width: 1024px) 100vw, 1024px\" src=\"data:image\/svg+xml;base64,PHN2ZyB3aWR0aD0iMSIgaGVpZ2h0PSIxIiB4bWxucz0iaHR0cDovL3d3dy53My5vcmcvMjAwMC9zdmciPjwvc3ZnPg==\" style=\"--smush-placeholder-width: 1024px; --smush-placeholder-aspect-ratio: 1024\/71;\" \/><\/figure>\n","protected":false},"excerpt":{"rendered":"<p>El pasado 1 de marzo, el proyecto PREPAST celebr\u00f3 en \u00c0ger (L\u00e9rida) su reuni\u00f3n de lanzamiento a la que asistieron la Associaci\u00f3 La Sabina, entidad promotora, y el ayuntamiento de \u00c0ger (L\u00e9rida), el Centro de &#8230; <a title=\"PREPAST, un proyecto para fomentar la ganader\u00eda extensiva en el PrePirineo\" class=\"read-more\" href=\"https:\/\/www.ramatsdefoc.org\/es\/prepast-un-projecte-per-a-fomentar-la-ramaderia-extensiva-al-prepirineu\/\" aria-label=\"Leer m\u00e1s sobre PREPAST, un proyecto para fomentar la ganader\u00eda extensiva en el PrePirineo\">Llegir m\u00e9s<\/a><\/p>\n","protected":false},"author":2,"featured_media":2357,"comment_status":"closed","ping_status":"closed","sticky":false,"template":"","format":"standard","meta":{"_acf_changed":false,"footnotes":""},"categories":[144],"tags":[],"class_list":["post-3312","post","type-post","status-publish","format-standard","has-post-thumbnail","hentry","category-noticias","generate-columns","tablet-grid-50","mobile-grid-100","grid-parent","grid-33","resize-featured-image"],"acf":[],"_links":{"self":[{"href":"https:\/\/www.ramatsdefoc.org\/es\/wp-json\/wp\/v2\/posts\/3312","targetHints":{"allow":["GET"]}}],"collection":[{"href":"https:\/\/www.ramatsdefoc.org\/es\/wp-json\/wp\/v2\/posts"}],"about":[{"href":"https:\/\/www.ramatsdefoc.org\/es\/wp-json\/wp\/v2\/types\/post"}],"author":[{"embeddable":true,"href":"https:\/\/www.ramatsdefoc.org\/es\/wp-json\/wp\/v2\/users\/2"}],"replies":[{"embeddable":true,"href":"https:\/\/www.ramatsdefoc.org\/es\/wp-json\/wp\/v2\/comments?post=3312"}],"version-history":[{"count":2,"href":"https:\/\/www.ramatsdefoc.org\/es\/wp-json\/wp\/v2\/posts\/3312\/revisions"}],"predecessor-version":[{"id":3315,"href":"https:\/\/www.ramatsdefoc.org\/es\/wp-json\/wp\/v2\/posts\/3312\/revisions\/3315"}],"wp:featuredmedia":[{"embeddable":true,"href":"https:\/\/www.ramatsdefoc.org\/es\/wp-json\/wp\/v2\/media\/2357"}],"wp:attachment":[{"href":"https:\/\/www.ramatsdefoc.org\/es\/wp-json\/wp\/v2\/media?parent=3312"}],"wp:term":[{"taxonomy":"category","embeddable":true,"href":"https:\/\/www.ramatsdefoc.org\/es\/wp-json\/wp\/v2\/categories?post=3312"},{"taxonomy":"post_tag","embeddable":true,"href":"https:\/\/www.ramatsdefoc.org\/es\/wp-json\/wp\/v2\/tags?post=3312"}],"curies":[{"name":"wp","href":"https:\/\/api.w.org\/{rel}","templated":true}]}}