{"id":2198,"date":"2023-09-08T15:00:48","date_gmt":"2023-09-08T13:00:48","guid":{"rendered":"https:\/\/www.ramatsdefoc.org\/?p=2198"},"modified":"2023-11-15T11:30:53","modified_gmt":"2023-11-15T09:30:53","slug":"daniel-giraldo-ganadero-de-rebanos-de-fuego-inicia-la-trashumancia-por-el-cami-ramader-de-marina","status":"publish","type":"post","link":"https:\/\/www.ramatsdefoc.org\/es\/daniel-giraldo-ganadero-de-rebanos-de-fuego-inicia-la-trashumancia-por-el-cami-ramader-de-marina\/","title":{"rendered":"Daniel Giraldo, ganadero de Reba\u00f1os de Fuego, inicia la trashumancia por el Cam\u00ed Ramader de Marina"},"content":{"rendered":"\n<p>La asociaci\u00f3n <a href=\"https:\/\/www.paucostafoundation.org\/ca\/camins-de-vida-transhumancia-territori-i-patrimoni\/\" target=\"_blank\" rel=\"noreferrer noopener\">Cam\u00ed Ramader de Marina<\/a>, de la Cerdanya del Pened\u00e8s, impulsa el proyecto&nbsp;<a href=\"https:\/\/camiramaderdemarina.cat\/camins-de-vida-2023\/\" target=\"_blank\" rel=\"noreferrer noopener\">\u201cCaminos de vida: trashumancia, patrimonio y territori\u201d<\/a>&nbsp;para poner en valor la labor de pastores\/as y las v\u00edas pecuarias.<\/p>\n\n\n\n<p>A partir del 9 de septiembre y hasta el 1 de octubre de 2023, Daniel Giraldo, ganadero de la comarca del Baix Camp y miembro del proyecto \u00abReba\u00f1os de Fuego\u00bb, hara la trashumancia con su reba\u00f1o de 100 cabras lecheras de raza murciana-granadina, desde la Alta Cerdanya hasta la Marina penedesca. <\/p>\n\n\n\n<figure class=\"wp-block-image size-large\"><img decoding=\"async\" width=\"1024\" height=\"683\" data-src=\"https:\/\/www.ramatsdefoc.org\/wp-content\/uploads\/2023\/09\/DANIEL_RAMATSDEFOC_6-2-1024x683.jpg\" alt=\"\" class=\"wp-image-2199 lazyload\" data-srcset=\"https:\/\/www.ramatsdefoc.org\/wp-content\/uploads\/2023\/09\/DANIEL_RAMATSDEFOC_6-2-1024x683.jpg 1024w, https:\/\/www.ramatsdefoc.org\/wp-content\/uploads\/2023\/09\/DANIEL_RAMATSDEFOC_6-2-300x200.jpg 300w, https:\/\/www.ramatsdefoc.org\/wp-content\/uploads\/2023\/09\/DANIEL_RAMATSDEFOC_6-2-768x512.jpg 768w, https:\/\/www.ramatsdefoc.org\/wp-content\/uploads\/2023\/09\/DANIEL_RAMATSDEFOC_6-2-1536x1024.jpg 1536w, https:\/\/www.ramatsdefoc.org\/wp-content\/uploads\/2023\/09\/DANIEL_RAMATSDEFOC_6-2-scaled.jpg 2048w, https:\/\/www.ramatsdefoc.org\/wp-content\/uploads\/2023\/09\/DANIEL_RAMATSDEFOC_6-2-1110x740.jpg 1110w\" data-sizes=\"(max-width: 1024px) 100vw, 1024px\" src=\"data:image\/svg+xml;base64,PHN2ZyB3aWR0aD0iMSIgaGVpZ2h0PSIxIiB4bWxucz0iaHR0cDovL3d3dy53My5vcmcvMjAwMC9zdmciPjwvc3ZnPg==\" style=\"--smush-placeholder-width: 1024px; --smush-placeholder-aspect-ratio: 1024\/683;\" \/><figcaption class=\"wp-element-caption\">Daniel Giraldo con su familia y ganado. Foto: Pa de mico.<\/figcaption><\/figure>\n\n\n\n<p>\u00abReba\u00f1os de Fuego\u00bb participa en este proyecto apoyando en la organizaci\u00f3n y acompa\u00f1amiento. Adem\u00e1s, desde Ramats de Foc ponemos en valor y reivindicamos el papel de la trashumancia en la gesti\u00f3n del riesgo de incendios forestales, as\u00ed como sus beneficios en el mantenimiento y promoci\u00f3n de la econom\u00eda rural, la preservaci\u00f3n de patrimonio , la fijaci\u00f3n de poblaci\u00f3n en el territorio, y la gesti\u00f3n de los bosques y recursos ambientales.<\/p>\n\n\n\n<p>A lo largo de 282 kil\u00f3metros y 23 d\u00edas de traves\u00eda, con el paso del reba\u00f1o, los municipios que forman parte del proyecto realizar\u00e1n actividades para la promoci\u00f3n econ\u00f3mica y territorial en torno a la trashumancia, patrimonio, gesti\u00f3n del riesgo de incendios forestales con el silvopasto, cultura y oficios relacionados. <\/p>\n\n\n\n<p>El acto inaugural y presentaci\u00f3n de \u201cCaminos de vida, trashumancia, patrimonio y territorio\u201d tendr\u00e1 lugar el 8 de septiembre en Urtx (Fontanales de Cerdanya) y al d\u00eda siguiente, desde el Lago de las  Bulloses, Daniel Giraldo iniciar\u00e1 la trashumancia. <\/p>\n\n\n\n<p>Puedes consultar toda la informaci\u00f3n de Camins de Vida, la agenda del acto inaugural, y el tr\u00edptico con las diferentes etapas de la trashumancia en el siguiente <a href=\"https:\/\/camiramaderdemarina.cat\/camins-de-vida-2023\/\" target=\"_blank\" rel=\"noreferrer noopener\">enlace<\/a>.<\/p>\n","protected":false},"excerpt":{"rendered":"<p>La asociaci\u00f3n Cam\u00ed Ramader de Marina, de la Cerdanya del Pened\u00e8s, impulsa el proyecto&nbsp;\u201cCaminos de vida: trashumancia, patrimonio y territori\u201d&nbsp;para poner en valor la labor de pastores\/as y las v\u00edas pecuarias. A partir del 9 &#8230; <a title=\"Daniel Giraldo, ganadero de Reba\u00f1os de Fuego, inicia la trashumancia por el Cam\u00ed Ramader de Marina\" class=\"read-more\" href=\"https:\/\/www.ramatsdefoc.org\/es\/daniel-giraldo-ganadero-de-rebanos-de-fuego-inicia-la-trashumancia-por-el-cami-ramader-de-marina\/\" aria-label=\"Leer m\u00e1s sobre Daniel Giraldo, ganadero de Reba\u00f1os de Fuego, inicia la trashumancia por el Cam\u00ed Ramader de Marina\">Llegir m\u00e9s<\/a><\/p>\n","protected":false},"author":2,"featured_media":2195,"comment_status":"closed","ping_status":"closed","sticky":false,"template":"","format":"standard","meta":{"_acf_changed":false,"footnotes":""},"categories":[142],"tags":[],"class_list":["post-2198","post","type-post","status-publish","format-standard","has-post-thumbnail","hentry","category-noticies","generate-columns","tablet-grid-50","mobile-grid-100","grid-parent","grid-33","resize-featured-image"],"acf":[],"_links":{"self":[{"href":"https:\/\/www.ramatsdefoc.org\/es\/wp-json\/wp\/v2\/posts\/2198","targetHints":{"allow":["GET"]}}],"collection":[{"href":"https:\/\/www.ramatsdefoc.org\/es\/wp-json\/wp\/v2\/posts"}],"about":[{"href":"https:\/\/www.ramatsdefoc.org\/es\/wp-json\/wp\/v2\/types\/post"}],"author":[{"embeddable":true,"href":"https:\/\/www.ramatsdefoc.org\/es\/wp-json\/wp\/v2\/users\/2"}],"replies":[{"embeddable":true,"href":"https:\/\/www.ramatsdefoc.org\/es\/wp-json\/wp\/v2\/comments?post=2198"}],"version-history":[{"count":2,"href":"https:\/\/www.ramatsdefoc.org\/es\/wp-json\/wp\/v2\/posts\/2198\/revisions"}],"predecessor-version":[{"id":2219,"href":"https:\/\/www.ramatsdefoc.org\/es\/wp-json\/wp\/v2\/posts\/2198\/revisions\/2219"}],"wp:featuredmedia":[{"embeddable":true,"href":"https:\/\/www.ramatsdefoc.org\/es\/wp-json\/wp\/v2\/media\/2195"}],"wp:attachment":[{"href":"https:\/\/www.ramatsdefoc.org\/es\/wp-json\/wp\/v2\/media?parent=2198"}],"wp:term":[{"taxonomy":"category","embeddable":true,"href":"https:\/\/www.ramatsdefoc.org\/es\/wp-json\/wp\/v2\/categories?post=2198"},{"taxonomy":"post_tag","embeddable":true,"href":"https:\/\/www.ramatsdefoc.org\/es\/wp-json\/wp\/v2\/tags?post=2198"}],"curies":[{"name":"wp","href":"https:\/\/api.w.org\/{rel}","templated":true}]}}