{"id":2170,"date":"2023-07-04T16:10:29","date_gmt":"2023-07-04T14:10:29","guid":{"rendered":"https:\/\/www.ramatsdefoc.org\/?p=2170"},"modified":"2023-11-16T11:19:10","modified_gmt":"2023-11-16T09:19:10","slug":"merles-martinez-nueva-tecnica-de-rebanos-de-fuego","status":"publish","type":"post","link":"https:\/\/www.ramatsdefoc.org\/es\/merles-martinez-nueva-tecnica-de-rebanos-de-fuego\/","title":{"rendered":"Merl\u00e8s Mart\u00ednez, nueva t\u00e9cnica de Reba\u00f1os de Fuego"},"content":{"rendered":"\n<p>Merl\u00e8s es ganadera y pastora cofundadora del proyecto \u00abCan Mim\u00f3, pastores y productores artesanos\u00bb. Graduada en ingenier\u00eda agr\u00edcola en la UPC y formada en etolog\u00eda cl\u00ednica en la UAB y la Escuela de Pastores de Catalu\u00f1a, tiene una larga trayectoria dentro del mundo del sector primario, y gran conocimiento sobre las zonas estrat\u00e9gicas para la prevenci\u00f3n de incendios forestales .<\/p>\n\n\n\n<p>\u00abDe mi incorporaci\u00f3n a Ramats de Foc, espero poder compartir todos los conocimientos adquiridos en los \u00faltimos a\u00f1os como pastora, dando la visi\u00f3n desde el sector primario, siendo consciente de sus necesidades, fortalezas y debilidades\u00bb, explica Merl\u00e8s.<\/p>\n\n\n\n<p>Merl\u00e8s se encargar\u00e1 del buen desarrollo del proyecto de acuerdo con los objetivos marcados, dando una visi\u00f3n m\u00e1s t\u00e9cnica vinculada a su trayectoria educativa.<\/p>\n\n\n\n<p>\u00abEs muy motivador poder trabajar en este proyecto, pudiendo echar una mano a ganaderos y ganaderas que hacen un trabajo imprescindible para la sociedad y que, por desgracia, no se valora desde la administraci\u00f3n\u00bb.<\/p>\n\n\n\n<p>Bienvenida, Merl\u00e8s!<\/p>\n","protected":false},"excerpt":{"rendered":"<p>Merl\u00e8s es ganadera y pastora cofundadora del proyecto \u00abCan Mim\u00f3, pastores y productores artesanos\u00bb. Graduada en ingenier\u00eda agr\u00edcola en la UPC y formada en etolog\u00eda cl\u00ednica en la UAB y la Escuela de Pastores de &#8230; <a title=\"Merl\u00e8s Mart\u00ednez, nueva t\u00e9cnica de Reba\u00f1os de Fuego\" class=\"read-more\" href=\"https:\/\/www.ramatsdefoc.org\/es\/merles-martinez-nueva-tecnica-de-rebanos-de-fuego\/\" aria-label=\"Leer m\u00e1s sobre Merl\u00e8s Mart\u00ednez, nueva t\u00e9cnica de Reba\u00f1os de Fuego\">Llegir m\u00e9s<\/a><\/p>\n","protected":false},"author":2,"featured_media":2169,"comment_status":"closed","ping_status":"closed","sticky":false,"template":"","format":"standard","meta":{"_acf_changed":false,"footnotes":""},"categories":[142],"tags":[],"class_list":["post-2170","post","type-post","status-publish","format-standard","has-post-thumbnail","hentry","category-noticies","generate-columns","tablet-grid-50","mobile-grid-100","grid-parent","grid-33","resize-featured-image"],"acf":[],"_links":{"self":[{"href":"https:\/\/www.ramatsdefoc.org\/es\/wp-json\/wp\/v2\/posts\/2170","targetHints":{"allow":["GET"]}}],"collection":[{"href":"https:\/\/www.ramatsdefoc.org\/es\/wp-json\/wp\/v2\/posts"}],"about":[{"href":"https:\/\/www.ramatsdefoc.org\/es\/wp-json\/wp\/v2\/types\/post"}],"author":[{"embeddable":true,"href":"https:\/\/www.ramatsdefoc.org\/es\/wp-json\/wp\/v2\/users\/2"}],"replies":[{"embeddable":true,"href":"https:\/\/www.ramatsdefoc.org\/es\/wp-json\/wp\/v2\/comments?post=2170"}],"version-history":[{"count":2,"href":"https:\/\/www.ramatsdefoc.org\/es\/wp-json\/wp\/v2\/posts\/2170\/revisions"}],"predecessor-version":[{"id":2220,"href":"https:\/\/www.ramatsdefoc.org\/es\/wp-json\/wp\/v2\/posts\/2170\/revisions\/2220"}],"wp:featuredmedia":[{"embeddable":true,"href":"https:\/\/www.ramatsdefoc.org\/es\/wp-json\/wp\/v2\/media\/2169"}],"wp:attachment":[{"href":"https:\/\/www.ramatsdefoc.org\/es\/wp-json\/wp\/v2\/media?parent=2170"}],"wp:term":[{"taxonomy":"category","embeddable":true,"href":"https:\/\/www.ramatsdefoc.org\/es\/wp-json\/wp\/v2\/categories?post=2170"},{"taxonomy":"post_tag","embeddable":true,"href":"https:\/\/www.ramatsdefoc.org\/es\/wp-json\/wp\/v2\/tags?post=2170"}],"curies":[{"name":"wp","href":"https:\/\/api.w.org\/{rel}","templated":true}]}}