{"id":2135,"date":"2023-06-23T15:34:47","date_gmt":"2023-06-23T13:34:47","guid":{"rendered":"https:\/\/www.ramatsdefoc.org\/?p=2135"},"modified":"2023-06-23T15:34:49","modified_gmt":"2023-06-23T13:34:49","slug":"correos-colabora-con-el-proyecto-ramats-de-foc","status":"publish","type":"post","link":"https:\/\/www.ramatsdefoc.org\/es\/correos-colabora-con-el-proyecto-ramats-de-foc\/","title":{"rendered":"Correos colabora con el proyecto \u00abRamats de Foc\u00bb"},"content":{"rendered":"\n<p><a href=\"https:\/\/www.correos.es\/\" target=\"_blank\" rel=\"noreferrer noopener\">Correos<\/a>, en el marco de su compromiso con el cuidado y la conservaci\u00f3n de nuestro Planeta, ha seleccionado (junto a <a href=\"https:\/\/www.worldcoo.com\/\" target=\"_blank\" rel=\"noreferrer noopener\">Worldcoo<\/a>) el proyecto \u00ab<a href=\"https:\/\/www.ramatsdefoc.org\/es\/\" target=\"_blank\" rel=\"noreferrer noopener\">Ramats de Foc<\/a>\u00bb como entidad beneficiaria, a favor de su campa\u00f1a para disminuir el riesgo de propagaci\u00f3n de grandes incendios forestales. <\/p>\n\n\n\n<p>Con esta campa\u00f1a, a nivel nacional, se prev\u00e9 llegar a una donaci\u00f3n total de 40.000\u20ac. <\/p>\n\n\n\n<p>Para m\u00e1s informaci\u00f3n y seguimiento de la recaptaci\u00f3n, consulta el siguiente <a href=\"https:\/\/correos.worldcoo.com\/9876f1a5-e18c-45ec-8fff-ca256503117e\" target=\"_blank\" rel=\"noreferrer noopener\">enlace<\/a>.<\/p>\n","protected":false},"excerpt":{"rendered":"<p>Correos, en el marco de su compromiso con el cuidado y la conservaci\u00f3n de nuestro Planeta, ha seleccionado (junto a Worldcoo) el proyecto \u00abRamats de Foc\u00bb como entidad beneficiaria, a favor de su campa\u00f1a para &#8230; <a title=\"Correos colabora con el proyecto \u00abRamats de Foc\u00bb\" class=\"read-more\" href=\"https:\/\/www.ramatsdefoc.org\/es\/correos-colabora-con-el-proyecto-ramats-de-foc\/\" aria-label=\"Leer m\u00e1s sobre Correos colabora con el proyecto \u00abRamats de Foc\u00bb\">Llegir m\u00e9s<\/a><\/p>\n","protected":false},"author":2,"featured_media":2136,"comment_status":"closed","ping_status":"closed","sticky":false,"template":"","format":"standard","meta":{"_acf_changed":false,"footnotes":""},"categories":[144],"tags":[],"class_list":["post-2135","post","type-post","status-publish","format-standard","has-post-thumbnail","hentry","category-noticias","generate-columns","tablet-grid-50","mobile-grid-100","grid-parent","grid-33","resize-featured-image"],"acf":[],"_links":{"self":[{"href":"https:\/\/www.ramatsdefoc.org\/es\/wp-json\/wp\/v2\/posts\/2135","targetHints":{"allow":["GET"]}}],"collection":[{"href":"https:\/\/www.ramatsdefoc.org\/es\/wp-json\/wp\/v2\/posts"}],"about":[{"href":"https:\/\/www.ramatsdefoc.org\/es\/wp-json\/wp\/v2\/types\/post"}],"author":[{"embeddable":true,"href":"https:\/\/www.ramatsdefoc.org\/es\/wp-json\/wp\/v2\/users\/2"}],"replies":[{"embeddable":true,"href":"https:\/\/www.ramatsdefoc.org\/es\/wp-json\/wp\/v2\/comments?post=2135"}],"version-history":[{"count":1,"href":"https:\/\/www.ramatsdefoc.org\/es\/wp-json\/wp\/v2\/posts\/2135\/revisions"}],"predecessor-version":[{"id":2139,"href":"https:\/\/www.ramatsdefoc.org\/es\/wp-json\/wp\/v2\/posts\/2135\/revisions\/2139"}],"wp:featuredmedia":[{"embeddable":true,"href":"https:\/\/www.ramatsdefoc.org\/es\/wp-json\/wp\/v2\/media\/2136"}],"wp:attachment":[{"href":"https:\/\/www.ramatsdefoc.org\/es\/wp-json\/wp\/v2\/media?parent=2135"}],"wp:term":[{"taxonomy":"category","embeddable":true,"href":"https:\/\/www.ramatsdefoc.org\/es\/wp-json\/wp\/v2\/categories?post=2135"},{"taxonomy":"post_tag","embeddable":true,"href":"https:\/\/www.ramatsdefoc.org\/es\/wp-json\/wp\/v2\/tags?post=2135"}],"curies":[{"name":"wp","href":"https:\/\/api.w.org\/{rel}","templated":true}]}}