{"id":3743,"date":"2024-03-07T10:37:00","date_gmt":"2024-03-07T08:37:00","guid":{"rendered":"https:\/\/www.ramatsdefoc.org\/participem-a-rumiar-un-projecte-per-fer-mes-resistents-els-espais-forestals-i-fomentar-la-bioeconomia-local-a-les-muntanyes-de-prades\/"},"modified":"2024-10-25T11:44:27","modified_gmt":"2024-10-25T09:44:27","slug":"participem-a-rumiar-un-projecte-per-fer-mes-resistents-els-espais-forestals-i-fomentar-la-bioeconomia-local-a-les-muntanyes-de-prades","status":"publish","type":"post","link":"https:\/\/www.ramatsdefoc.org\/en\/participem-a-rumiar-un-projecte-per-fer-mes-resistents-els-espais-forestals-i-fomentar-la-bioeconomia-local-a-les-muntanyes-de-prades\/","title":{"rendered":"Achieving more resilient landscapes and promoting the local bioeconomy in Prades Mountain range"},"content":{"rendered":"\n<p>Through the Pau Costa Foundation, we contribute to <a href=\"https:\/\/www.dipta.cat\/temes\/projectes-transversals\/rumiar\">RUMIAR<\/a>, a project coordinated by <a href=\"https:\/\/www.dipta.cat\/\">Tarragona Provincial Council<\/a>, and \u00a0<a href=\"https:\/\/boscat.cat\/\">BOSCAT<\/a>,\u00a0<a href=\"https:\/\/concactiva.cat\/\">Concactiva<\/a>,\u00a0<a href=\"https:\/\/www.ctfc.cat\/es\/?lang=en\">Forest Science and Technology Center of Catalonia (CTFC)<\/a>\u00a0and\u00a0<a href=\"http:\/\/www.paucostafoundation.org\/\">Pau Costa Foundation (FPC)<\/a> as project partners.<\/p>\n\n\n\n<p>RUMIAR aims to generate a more resilient landscape to prevent the risk of wildfires in Prades Mountain range through the implementation of agro-silvo-pastoral mosaic. And, to promote the local economy using forest resources.<\/p>\n\n\n\n<p>Specifically, the project will implement mosaics as firebreaks in 11 strategic wildfire prevention areas distributed across 8 municipalities (Mont-ral, Montblanc, Vilaplana, Cornudella del Montsant, Alcover, Capafonts, Alforja, and la Riba) in Prades massif, a protected area of \u200b\u200bthe Natura 2000 Network and the only one in Tarragona\u2019s mountains with active shepherds.<\/p>\n\n\n\n<p>The project will also promote silvopasture and forestry activities to maintain this structure and the products derived from these activities.<\/p>\n\n\n\n<p>We will use the expertise to enhance local livestock sector conditions and promote local products.<\/p>\n\n\n\n<p>\u201cPrades Mountains are one of the few places where there are still active shepherds. We must take advantage of this opportunity to work with them to manage the territory and prevent the risk of wildfires. But at the same time, we need to ensure that shepherds and the stock sector can have facilities to get ahead,\u201d says Guillem Canaleta, project technician.<\/p>\n\n\n\n<p>RUMIAR will allow us to generate a positive change in the socioeconomic development of the Prades Mountains by improving local livestock and forestry sector conditions and opportunities.<\/p>\n\n\n\n<p>\u201cWe will work together with authorities, owners and the livestock sector to promote understanding and to establish work dynamics that can be sustained over time,\u201d says Guillem Canaleta.<\/p>\n\n\n\n<p><em>Diputaci\u00f3 de Tarragona&nbsp;<a href=\"https:\/\/shorturl.at\/rFV28\">Press Release<\/a><\/em>&nbsp;for more info.<\/p>\n\n\n\n<p>RUMIAR is supported by&nbsp;<a href=\"https:\/\/fundacion-biodiversidad.es\/en\/\">Fundaci\u00f3n Biodiversidad<\/a>&nbsp;del&nbsp;<a href=\"https:\/\/www.miteco.gob.es\/en.html\">Ministerio para la Transici\u00f3n Ecol\u00f3gica y el Reto Demogr\u00e1fico (MITECO)<\/a>&nbsp;within the framework of the&nbsp;<a href=\"https:\/\/www.fondoseuropeos.hacienda.gob.es\/sitios\/dgpmrr\/en-GB\/paginas\/plan.aspx\">Recovery, Transformation and Resilience Plan (PRTR)<\/a>, financed by the&nbsp;<a href=\"https:\/\/next-generation-eu.europa.eu\/index_en\">European Union \u2013 Next GenerationEU<\/a>.<\/p>\n\n\n\n<figure class=\"wp-block-image size-full\"><img decoding=\"async\" width=\"1536\" height=\"106\" data-src=\"https:\/\/www.ramatsdefoc.org\/wp-content\/uploads\/2024\/06\/VICE3MTERDFBPRTRNEXT_Bandera_Color-1536x106-1.png\" alt=\"\" class=\"wp-image-3106 lazyload\" data-srcset=\"https:\/\/www.ramatsdefoc.org\/wp-content\/uploads\/2024\/06\/VICE3MTERDFBPRTRNEXT_Bandera_Color-1536x106-1.png 1536w, https:\/\/www.ramatsdefoc.org\/wp-content\/uploads\/2024\/06\/VICE3MTERDFBPRTRNEXT_Bandera_Color-1536x106-1-300x21.png 300w, https:\/\/www.ramatsdefoc.org\/wp-content\/uploads\/2024\/06\/VICE3MTERDFBPRTRNEXT_Bandera_Color-1536x106-1-1024x71.png 1024w, https:\/\/www.ramatsdefoc.org\/wp-content\/uploads\/2024\/06\/VICE3MTERDFBPRTRNEXT_Bandera_Color-1536x106-1-768x53.png 768w\" data-sizes=\"(max-width: 1536px) 100vw, 1536px\" src=\"data:image\/svg+xml;base64,PHN2ZyB3aWR0aD0iMSIgaGVpZ2h0PSIxIiB4bWxucz0iaHR0cDovL3d3dy53My5vcmcvMjAwMC9zdmciPjwvc3ZnPg==\" style=\"--smush-placeholder-width: 1536px; --smush-placeholder-aspect-ratio: 1536\/106;\" \/><\/figure>\n","protected":false},"excerpt":{"rendered":"<p>Through the Pau Costa Foundation, we contribute to RUMIAR, a project coordinated by Tarragona Provincial Council, and \u00a0BOSCAT,\u00a0Concactiva,\u00a0Forest Science and Technology Center of Catalonia (CTFC)\u00a0and\u00a0Pau Costa Foundation (FPC) as project partners. RUMIAR aims to generate &#8230; <a title=\"Achieving more resilient landscapes and promoting the local bioeconomy in Prades Mountain range\" class=\"read-more\" href=\"https:\/\/www.ramatsdefoc.org\/en\/participem-a-rumiar-un-projecte-per-fer-mes-resistents-els-espais-forestals-i-fomentar-la-bioeconomia-local-a-les-muntanyes-de-prades\/\" aria-label=\"Read more about Achieving more resilient landscapes and promoting the local bioeconomy in Prades Mountain range\">Llegir m\u00e9s<\/a><\/p>\n","protected":false},"author":5,"featured_media":3397,"comment_status":"closed","ping_status":"closed","sticky":false,"template":"","format":"standard","meta":{"_acf_changed":false,"footnotes":""},"categories":[143],"tags":[],"class_list":["post-3743","post","type-post","status-publish","format-standard","has-post-thumbnail","hentry","category-news","generate-columns","tablet-grid-50","mobile-grid-100","grid-parent","grid-33","resize-featured-image"],"acf":[],"_links":{"self":[{"href":"https:\/\/www.ramatsdefoc.org\/en\/wp-json\/wp\/v2\/posts\/3743","targetHints":{"allow":["GET"]}}],"collection":[{"href":"https:\/\/www.ramatsdefoc.org\/en\/wp-json\/wp\/v2\/posts"}],"about":[{"href":"https:\/\/www.ramatsdefoc.org\/en\/wp-json\/wp\/v2\/types\/post"}],"author":[{"embeddable":true,"href":"https:\/\/www.ramatsdefoc.org\/en\/wp-json\/wp\/v2\/users\/5"}],"replies":[{"embeddable":true,"href":"https:\/\/www.ramatsdefoc.org\/en\/wp-json\/wp\/v2\/comments?post=3743"}],"version-history":[{"count":2,"href":"https:\/\/www.ramatsdefoc.org\/en\/wp-json\/wp\/v2\/posts\/3743\/revisions"}],"predecessor-version":[{"id":3894,"href":"https:\/\/www.ramatsdefoc.org\/en\/wp-json\/wp\/v2\/posts\/3743\/revisions\/3894"}],"wp:featuredmedia":[{"embeddable":true,"href":"https:\/\/www.ramatsdefoc.org\/en\/wp-json\/wp\/v2\/media\/3397"}],"wp:attachment":[{"href":"https:\/\/www.ramatsdefoc.org\/en\/wp-json\/wp\/v2\/media?parent=3743"}],"wp:term":[{"taxonomy":"category","embeddable":true,"href":"https:\/\/www.ramatsdefoc.org\/en\/wp-json\/wp\/v2\/categories?post=3743"},{"taxonomy":"post_tag","embeddable":true,"href":"https:\/\/www.ramatsdefoc.org\/en\/wp-json\/wp\/v2\/tags?post=3743"}],"curies":[{"name":"wp","href":"https:\/\/api.w.org\/{rel}","templated":true}]}}