{"id":2132,"date":"2023-06-16T09:35:25","date_gmt":"2023-06-16T07:35:25","guid":{"rendered":"https:\/\/www.ramatsdefoc.org\/?p=2132"},"modified":"2023-06-22T15:22:09","modified_gmt":"2023-06-22T13:22:09","slug":"ramats-de-foc-project-at-sonar-festival","status":"publish","type":"post","link":"https:\/\/www.ramatsdefoc.org\/en\/ramats-de-foc-project-at-sonar-festival\/","title":{"rendered":"&#8220;Ramats de Foc&#8221; project at S\u00f3nar Festival"},"content":{"rendered":"\n<p><a href=\"https:\/\/sonar.es\/es\" target=\"_blank\" rel=\"noreferrer noopener\">S\u00f3nar Festival<\/a>, under its commitment to the planet, the environment, and people, has chosen to work with the project <a href=\"https:\/\/www.ramatsdefoc.org\/en\/\">&#8220;Fire Flocks&#8221;<\/a> on its 30th anniversary.<\/p>\n\n\n\n<p>This year, the festival will make a donation to <a href=\"https:\/\/www.ramatsdefoc.org\/en\/\" target=\"_blank\" rel=\"noreferrer noopener\">&#8220;Fire Flocks&#8221;<\/a>, to promote extensive livestock farming as a way to reduce wildfire risk through grazing herds.<\/p>\n\n\n\n<p>During the festival, meat and dairy products from Fire Flocks&#8217; herds will be served by the catering service. Specifically, meat from the herds of Llu\u00eds de la C\u00e1mara, Jordi Correro and Marta Carola, as well as the Saul\u00f3 cheese from the farm <a href=\"http:\/\/ www.lasegalla.cat\">La Segalla<\/a>.<\/p>\n\n\n\n<p>For further information, please check the &#8220;Commitments&#8221; section of S\u00f3nar Festival at the following <a href=\"https:\/\/sonar.es\/en\/about\/commitments\" target=\"_blank\" rel=\"noreferrer noopener\">link<\/a>.<\/p>\n","protected":false},"excerpt":{"rendered":"<p>S\u00f3nar Festival, under its commitment to the planet, the environment, and people, has chosen to work with the project &#8220;Fire Flocks&#8221; on its 30th anniversary. This year, the festival will make a donation to &#8220;Fire &#8230; <a title=\"&#8220;Ramats de Foc&#8221; project at S\u00f3nar Festival\" class=\"read-more\" href=\"https:\/\/www.ramatsdefoc.org\/en\/ramats-de-foc-project-at-sonar-festival\/\" aria-label=\"Read more about &#8220;Ramats de Foc&#8221; project at S\u00f3nar Festival\">Llegir m\u00e9s<\/a><\/p>\n","protected":false},"author":2,"featured_media":2086,"comment_status":"closed","ping_status":"closed","sticky":false,"template":"","format":"standard","meta":{"_acf_changed":false,"footnotes":""},"categories":[142],"tags":[],"class_list":["post-2132","post","type-post","status-publish","format-standard","has-post-thumbnail","hentry","category-noticies","generate-columns","tablet-grid-50","mobile-grid-100","grid-parent","grid-33","resize-featured-image"],"acf":[],"_links":{"self":[{"href":"https:\/\/www.ramatsdefoc.org\/en\/wp-json\/wp\/v2\/posts\/2132","targetHints":{"allow":["GET"]}}],"collection":[{"href":"https:\/\/www.ramatsdefoc.org\/en\/wp-json\/wp\/v2\/posts"}],"about":[{"href":"https:\/\/www.ramatsdefoc.org\/en\/wp-json\/wp\/v2\/types\/post"}],"author":[{"embeddable":true,"href":"https:\/\/www.ramatsdefoc.org\/en\/wp-json\/wp\/v2\/users\/2"}],"replies":[{"embeddable":true,"href":"https:\/\/www.ramatsdefoc.org\/en\/wp-json\/wp\/v2\/comments?post=2132"}],"version-history":[{"count":1,"href":"https:\/\/www.ramatsdefoc.org\/en\/wp-json\/wp\/v2\/posts\/2132\/revisions"}],"predecessor-version":[{"id":2133,"href":"https:\/\/www.ramatsdefoc.org\/en\/wp-json\/wp\/v2\/posts\/2132\/revisions\/2133"}],"wp:featuredmedia":[{"embeddable":true,"href":"https:\/\/www.ramatsdefoc.org\/en\/wp-json\/wp\/v2\/media\/2086"}],"wp:attachment":[{"href":"https:\/\/www.ramatsdefoc.org\/en\/wp-json\/wp\/v2\/media?parent=2132"}],"wp:term":[{"taxonomy":"category","embeddable":true,"href":"https:\/\/www.ramatsdefoc.org\/en\/wp-json\/wp\/v2\/categories?post=2132"},{"taxonomy":"post_tag","embeddable":true,"href":"https:\/\/www.ramatsdefoc.org\/en\/wp-json\/wp\/v2\/tags?post=2132"}],"curies":[{"name":"wp","href":"https:\/\/api.w.org\/{rel}","templated":true}]}}